{"id":987,"date":"2024-10-03T09:46:36","date_gmt":"2024-10-03T09:46:36","guid":{"rendered":"https:\/\/local.lovelybranddesign.com\/?p=987"},"modified":"2024-10-18T14:38:55","modified_gmt":"2024-10-18T14:38:55","slug":"acupuntura-del-espacio","status":"publish","type":"post","link":"https:\/\/local.lovelybranddesign.com\/index.php\/2024\/10\/03\/acupuntura-del-espacio\/","title":{"rendered":"De la est\u00e9tica a la \u00e9tica"},"content":{"rendered":"\t\t<div data-elementor-type=\"wp-post\" data-elementor-id=\"987\" class=\"elementor elementor-987\" data-elementor-post-type=\"post\">\n\t\t\t\t<div class=\"elementor-element elementor-element-74810973 e-flex e-con-boxed e-con e-parent\" data-id=\"74810973\" data-element_type=\"container\">\n\t\t\t\t\t<div class=\"e-con-inner\">\n\t\t\t\t<div class=\"elementor-element elementor-element-96931a0 elementor-widget elementor-widget-text-editor\" data-id=\"96931a0\" data-element_type=\"widget\" data-widget_type=\"text-editor.default\">\n\t\t\t\t<div class=\"elementor-widget-container\">\n\t\t\t\t\t\t\t\t\t<p>De la Est\u00e9tica a la \u00c9tica:<\/p>\n<p>Un Camino de Conciencia y Belleza<\/p>\n<p>\u00a0<\/p>\n<p>C\u00e9sar Manrique, maestro del Arte y la Naturaleza, sol\u00eda decir:<\/p>\n<p>\u201cLa est\u00e9tica, desde un intuici\u00f3n profunda, sensatez, y amor por la\u00a0 Belleza Natural, nos lleva inevitablemente a la \u00e9tica.\u201d<\/p>\n<p>Este pensamiento, profundo y revelador, me ha acompa\u00f1ado a lo largo de mi carrera como arquitecta y urbanista. Entender la belleza no solo como un aspecto visual, sino como un v\u00ednculo \u00edntimo con la naturaleza y sus ritmos, me ha ense\u00f1ado que el dise\u00f1o debe ser m\u00e1s que una forma; debe ser un compromiso con la vida misma.<\/p>\n<p>Desde mis primeros pasos en el mundo del dise\u00f1o, he sentido la necesidad de ir m\u00e1s all\u00e1 de la apariencia, de buscar un significado profundo en cada l\u00ednea trazada, en cada espacio creado. Y, siguiendo la ense\u00f1anza de Manrique, he descubierto que la sensibilidad es la mejor gu\u00eda para este camino, una sensibilidad que nos lleva a observar, a respetar y a actuar con conciencia. Como suelo decir:<\/p>\n<p>\u201cLa sensibilidad es la mejor ense\u00f1anza\u201d,<\/p>\n<p>porque es a trav\u00e9s de ella que podemos conectar con el entorno y comprender que cada decisi\u00f3n de dise\u00f1o tiene el poder de sanar o de da\u00f1ar.<\/p>\n<p>Inspirada por la Naturaleza y los Grandes Maestros y Maestras<\/p>\n<p>La figura de Manrique es solo una de las muchas que han marcado mi trayectoria. Tambi\u00e9n me inspira el ejemplo de mi madre, M\u00aa Isabel Alonso Llorente, una artista, naturista y educadora que me mostr\u00f3, desde peque\u00f1a, que la conexi\u00f3n con la naturaleza no solo se siente, sino que se vive y se transmite. Ella me ense\u00f1\u00f3 que la verdadera creaci\u00f3n nace del respeto por la tierra y de la b\u00fasqueda de un equilibrio entre lo humano y lo natural. En su obra, siempre vi una uni\u00f3n entre la belleza y la responsabilidad, una coherencia que gui\u00f3 mi manera de ver el mundo.<\/p>\n<p>Siguiendo esos pasos, he entendido que el dise\u00f1o no puede ser indiferente al impacto que genera. Mi labor como arquitecta y urbanista regenerativa busca recuperar ese equilibrio perdido, devolviendo a los territorios su capacidad de ser espacios de vida para todas las formas de existencia. Porque no solo dise\u00f1amos para personas, sino para animales, plantas y ecosistemas enteros, en una danza compleja donde cada ser tiene su lugar y su prop\u00f3sito.<\/p>\n<p>La Belleza Que Sana, la \u00c9tica Que Transforma<\/p>\n<p>La est\u00e9tica que busco en mis proyectos no es la de lo superfluo, sino la que surge de un di\u00e1logo profundo con la naturaleza. Cuando dise\u00f1o un jard\u00edn, una vivienda o un espacio p\u00fablico, no solo pienso en la belleza que los ojos pueden percibir, sino en la armon\u00eda que se siente al respirar un aire limpio, en el frescor que ofrece un \u00e1rbol bien ubicado, en la paz que transmiten los materiales naturales. Porque la verdadera belleza es la que cuida, la que regenera, la que se convierte en refugio para la vida en todas sus formas.<\/p>\n<p>El urbanismo regenerativo, \u00a0la arquitectura y desarrollo sostenible, son mis respuestas a los desaf\u00edos de nuestro tiempo, una forma de volver a lo esencial, de recuperar esa conexi\u00f3n perdida con la tierra que nos sostiene. Y en este proceso, la est\u00e9tica no es un fin en s\u00ed misma, sino un puente que nos lleva a la \u00e9tica, que nos invita a cuestionar nuestras pr\u00e1cticas, a pensar en el largo plazo, a preguntarnos qu\u00e9 tipo de mundo queremos dejarle a quienes vienen detr\u00e1s.<\/p>\n<p>Uan Llamada a la Colaboraci\u00f3n y al Compromiso<\/p>\n<p>Como profesional, me siento parte de un movimiento global de personas que, como Manrique, como mi madre y como tantos otros que he conocido en el camino, entienden que el cambio real comienza en el coraz\u00f3n de cada uno. Somos muchos los que trabajamos por un mundo m\u00e1s justo, m\u00e1s sostenible, donde la belleza se convierta en un valor que trasciende lo visual para convertirse en un acto de amor hacia la vida.<\/p>\n<p>Pero este cambio no puede hacerse solo, requiere de alianzas, de conexiones genuinas entre quienes comparten esta visi\u00f3n. Necesitamos construir redes de colaboraci\u00f3n que nos permitan unir fuerzas, intercambiar conocimientos y sumar voluntades para llevar a cabo la transformaci\u00f3n que nuestro planeta necesita. Porque cada gesto cuenta, cada peque\u00f1o cambio suma, y cada colaboraci\u00f3n nos acerca un poco m\u00e1s a ese mundo en el que todos, seres humanos y ecosistemas, podamos convivir en equilibrio.<\/p>\n<p>Un Camino de Coherencia y de Amor por la Tierra<\/p>\n<p>Mi trabajo es, en esencia, un acto de amor. Amor por la tierra que me ha ense\u00f1ado a observar y a escuchar, amor por las personas que buscan espacios que les inspiren y les cuiden, amor por la naturaleza que, con su belleza infinita, nos muestra el camino de la humildad y el respeto. Y es ese amor el que me impulsa a seguir adelante, a seguir explorando nuevas formas de dise\u00f1ar, de construir, de planificar.<\/p>\n<p>Mi compromiso es seguir aprendiendo, seguir perfeccionando mi mirada, seguir apostando por un dise\u00f1o que, como dec\u00eda Manrique, no solo embellezca el entorno, sino que lo cuide, lo respete y lo regenere. Porque solo as\u00ed, desde la est\u00e9tica que nos emociona y la \u00e9tica que nos gu\u00eda, podremos construir un futuro que sea verdaderamente digno de ser habitado.<\/p>\t\t\t\t\t\t\t\t<\/div>\n\t\t\t\t<\/div>\n\t\t\t\t<div class=\"elementor-element elementor-element-edda361 elementor-widget elementor-widget-image\" data-id=\"edda361\" data-element_type=\"widget\" data-widget_type=\"image.default\">\n\t\t\t\t<div class=\"elementor-widget-container\">\n\t\t\t\t\t\t\t\t\t\t\t\t\t\t\t<img fetchpriority=\"high\" decoding=\"async\" width=\"800\" height=\"450\" src=\"https:\/\/local.lovelybranddesign.com\/wp-content\/uploads\/2024\/09\/0-P.03-16-2-1024x576.jpg\" class=\"attachment-large size-large wp-image-857\" alt=\"\" srcset=\"https:\/\/local.lovelybranddesign.com\/wp-content\/uploads\/2024\/09\/0-P.03-16-2-1024x576.jpg 1024w, https:\/\/local.lovelybranddesign.com\/wp-content\/uploads\/2024\/09\/0-P.03-16-2-300x169.jpg 300w, https:\/\/local.lovelybranddesign.com\/wp-content\/uploads\/2024\/09\/0-P.03-16-2-768x432.jpg 768w, https:\/\/local.lovelybranddesign.com\/wp-content\/uploads\/2024\/09\/0-P.03-16-2-1536x864.jpg 1536w, https:\/\/local.lovelybranddesign.com\/wp-content\/uploads\/2024\/09\/0-P.03-16-2-2048x1152.jpg 2048w\" sizes=\"(max-width: 800px) 100vw, 800px\" \/>\t\t\t\t\t\t\t\t\t\t\t\t\t\t\t<\/div>\n\t\t\t\t<\/div>\n\t\t<div class=\"elementor-element elementor-element-d1fba22 e-grid e-con-boxed e-con e-child\" data-id=\"d1fba22\" data-element_type=\"container\">\n\t\t\t\t\t<div class=\"e-con-inner\">\n\t\t\t\t<div class=\"elementor-element elementor-element-6bb9fed elementor-widget elementor-widget-image\" data-id=\"6bb9fed\" data-element_type=\"widget\" data-widget_type=\"image.default\">\n\t\t\t\t<div class=\"elementor-widget-container\">\n\t\t\t\t\t\t\t\t\t\t\t\t\t\t\t<img decoding=\"async\" width=\"564\" height=\"846\" src=\"https:\/\/local.lovelybranddesign.com\/wp-content\/uploads\/2024\/06\/WhatsApp-Image-2024-06-10-at-13.30.07-1.jpeg\" class=\"attachment-large size-large wp-image-846\" alt=\"\" srcset=\"https:\/\/local.lovelybranddesign.com\/wp-content\/uploads\/2024\/06\/WhatsApp-Image-2024-06-10-at-13.30.07-1.jpeg 564w, https:\/\/local.lovelybranddesign.com\/wp-content\/uploads\/2024\/06\/WhatsApp-Image-2024-06-10-at-13.30.07-1-200x300.jpeg 200w\" sizes=\"(max-width: 564px) 100vw, 564px\" \/>\t\t\t\t\t\t\t\t\t\t\t\t\t\t\t<\/div>\n\t\t\t\t<\/div>\n\t\t\t\t<div class=\"elementor-element elementor-element-5ecd709 elementor-widget elementor-widget-image\" data-id=\"5ecd709\" data-element_type=\"widget\" data-widget_type=\"image.default\">\n\t\t\t\t<div class=\"elementor-widget-container\">\n\t\t\t\t\t\t\t\t\t\t\t\t\t\t\t<img decoding=\"async\" width=\"564\" height=\"797\" src=\"https:\/\/local.lovelybranddesign.com\/wp-content\/uploads\/2024\/06\/447fb5262f594b4b5e0427546e025db2-1.jpg\" class=\"attachment-large size-large wp-image-650\" alt=\"\" srcset=\"https:\/\/local.lovelybranddesign.com\/wp-content\/uploads\/2024\/06\/447fb5262f594b4b5e0427546e025db2-1.jpg 564w, https:\/\/local.lovelybranddesign.com\/wp-content\/uploads\/2024\/06\/447fb5262f594b4b5e0427546e025db2-1-212x300.jpg 212w\" sizes=\"(max-width: 564px) 100vw, 564px\" \/>\t\t\t\t\t\t\t\t\t\t\t\t\t\t\t<\/div>\n\t\t\t\t<\/div>\n\t\t\t\t\t<\/div>\n\t\t\t\t<\/div>\n\t\t\t\t\t<\/div>\n\t\t\t\t<\/div>\n\t\t\t\t<\/div>\n\t\t","protected":false},"excerpt":{"rendered":"<p>\u201cLa est\u00e9tica, desde un intuici\u00f3n profunda, sensatez, y amor por la\u00a0 Belleza Natural, nos lleva inevitablemente a la \u00e9tica.\u201d<\/p>\n<p>Este pensamiento, profundo y revelador, me ha acompa\u00f1ado a lo largo de mi carrera como arquitecta y urbanista.<\/p>\n","protected":false},"author":1,"featured_media":857,"comment_status":"open","ping_status":"open","sticky":false,"template":"","format":"standard","meta":{"footnotes":""},"categories":[1,8,9,7],"tags":[],"class_list":["post-987","post","type-post","status-publish","format-standard","has-post-thumbnail","hentry","category-arquitectura","category-arquitectura-sostenible","category-habitar","category-regerneracion"],"_links":{"self":[{"href":"https:\/\/local.lovelybranddesign.com\/index.php\/wp-json\/wp\/v2\/posts\/987","targetHints":{"allow":["GET"]}}],"collection":[{"href":"https:\/\/local.lovelybranddesign.com\/index.php\/wp-json\/wp\/v2\/posts"}],"about":[{"href":"https:\/\/local.lovelybranddesign.com\/index.php\/wp-json\/wp\/v2\/types\/post"}],"author":[{"embeddable":true,"href":"https:\/\/local.lovelybranddesign.com\/index.php\/wp-json\/wp\/v2\/users\/1"}],"replies":[{"embeddable":true,"href":"https:\/\/local.lovelybranddesign.com\/index.php\/wp-json\/wp\/v2\/comments?post=987"}],"version-history":[{"count":13,"href":"https:\/\/local.lovelybranddesign.com\/index.php\/wp-json\/wp\/v2\/posts\/987\/revisions"}],"predecessor-version":[{"id":1565,"href":"https:\/\/local.lovelybranddesign.com\/index.php\/wp-json\/wp\/v2\/posts\/987\/revisions\/1565"}],"wp:featuredmedia":[{"embeddable":true,"href":"https:\/\/local.lovelybranddesign.com\/index.php\/wp-json\/wp\/v2\/media\/857"}],"wp:attachment":[{"href":"https:\/\/local.lovelybranddesign.com\/index.php\/wp-json\/wp\/v2\/media?parent=987"}],"wp:term":[{"taxonomy":"category","embeddable":true,"href":"https:\/\/local.lovelybranddesign.com\/index.php\/wp-json\/wp\/v2\/categories?post=987"},{"taxonomy":"post_tag","embeddable":true,"href":"https:\/\/local.lovelybranddesign.com\/index.php\/wp-json\/wp\/v2\/tags?post=987"}],"curies":[{"name":"wp","href":"https:\/\/api.w.org\/{rel}","templated":true}]}}