{"id":965,"date":"2024-10-03T09:31:02","date_gmt":"2024-10-03T09:31:02","guid":{"rendered":"https:\/\/local.lovelybranddesign.com\/?p=965"},"modified":"2024-10-18T15:06:10","modified_gmt":"2024-10-18T15:06:10","slug":"regenera-tu-casa","status":"publish","type":"post","link":"https:\/\/local.lovelybranddesign.com\/index.php\/2024\/10\/03\/regenera-tu-casa\/","title":{"rendered":"Regenerar nuestro mundo"},"content":{"rendered":"\t\t<div data-elementor-type=\"wp-post\" data-elementor-id=\"965\" class=\"elementor elementor-965\" data-elementor-post-type=\"post\">\n\t\t\t\t<div class=\"elementor-element elementor-element-74810973 e-flex e-con-boxed e-con e-parent\" data-id=\"74810973\" data-element_type=\"container\">\n\t\t\t\t\t<div class=\"e-con-inner\">\n\t\t\t\t<div class=\"elementor-element elementor-element-96931a0 elementor-widget elementor-widget-text-editor\" data-id=\"96931a0\" data-element_type=\"widget\" data-widget_type=\"text-editor.default\">\n\t\t\t\t<div class=\"elementor-widget-container\">\n\t\t\t\t\t\t\t\t\t<p>Transformar el Mundo a Trav\u00e9s del Dise\u00f1o<\/p>\n<p>El dise\u00f1o siempre ha sido mi primer lenguaje. Desde mis primeros bocetos, encontraba un asombro indescriptible en c\u00f3mo una simple l\u00ednea sobre el papel pod\u00eda dar forma a un espacio, a una experiencia, a una emoci\u00f3n. Me fascinaba la belleza de los materiales, la elegancia de una estructura bien pensada, la armon\u00eda de la luz al colarse por una ventana. Pero a medida que mis conocimientos crec\u00edan, tambi\u00e9n lo hac\u00eda la comprensi\u00f3n de mi responsabilidad como dise\u00f1adora: el dise\u00f1o no puede ser solo est\u00e9tico; debe ser profundamente \u00e9tico.<\/p>\n<p>El Dise\u00f1o Como Herramienta de Cambio<\/p>\n<p>Hoy, el dise\u00f1o que ofrezco ya no se centra \u00fanicamente en la apariencia, sino que busca impactar la vida de las personas y la salud de los ecosistemas que habitamos. La est\u00e9tica sigue siendo importante\u2014despu\u00e9s de todo, los seres humanos somos sensibles a la belleza, y un entorno hermoso puede transformar nuestra forma de sentir y de vivir\u2014pero he aprendido que el dise\u00f1o debe ir m\u00e1s all\u00e1 de lo que vemos, debe tocar lo que sentimos, debe resonar con lo que necesitamos como sociedad y como planeta.<\/p>\n<p>Este cambio de perspectiva me ha llevado a crear proyectos que se integran en su entorno, que no lo imponen sino que lo respetan, que dialogan con la naturaleza en lugar de dominarla. Territorios ecosist\u00e9micos, arquitectura sostenible, urbanismo regenerativo, todos estos enfoques que he abrazado a lo largo de mi carrera son una respuesta al llamado urgente de un mundo que necesita soluciones m\u00e1s profundas y conscientes.<\/p>\n<p>El Poder del Dise\u00f1o Regenerativo: Volver a Sanar la Tierra<\/p>\n<p>Dise\u00f1ar, hoy m\u00e1s que nunca, implica entender que cada espacio que transformamos, cada material que elegimos, cada l\u00ednea que trazamos, tiene un impacto en la salud del planeta. El urbanismo regenerativo es mi forma de responder a esa responsabilidad, una pr\u00e1ctica que busca sanar el territorio a trav\u00e9s de intervenciones que respeten los l\u00edmites de la naturaleza y que promuevan ecosistemas sanos y equilibrados. Ya no basta con construir; necesitamos regenerar lo que hemos da\u00f1ado, reimaginar nuestras ciudades y pueblos para que funcionen como un tejido vivo que respira y se adapta.<\/p>\n<p>En este proceso, la planificaci\u00f3n territorial correctiva y el ruralismo son claves. Volver a mirar a lo rural no como algo obsoleto, sino como una oportunidad para redescubrir el potencial de nuestros entornos naturales y apoyar a las comunidades locales. Para m\u00ed, esta es una forma de justicia, de devolverle a la tierra un poco de lo que le hemos quitado.<\/p>\n<p>Arquitectura Sostenible: La Belleza Que Cuida la Vida<\/p>\n<p>Cuando dise\u00f1o un espacio, no solo pienso en quienes lo habitar\u00e1n, sino en todas las formas de vida que existen alrededor de \u00e9l. La arquitectura sostenible se ha convertido en un manifiesto de respeto y de responsabilidad: construir de manera que cada proyecto sea un refugio no solo para las personas, sino tambi\u00e9n para la flora, la fauna y los ecosistemas que lo rodean. Ya sea a trav\u00e9s de la bioconstrucci\u00f3n, de la integraci\u00f3n de jardines interiores y exteriores, o de la creaci\u00f3n de ambientes que fomenten la conexi\u00f3n con la naturaleza, mi prop\u00f3sito es que cada espacio inspire bienestar y conexi\u00f3n con lo esencial.<\/p>\n<p>La \u00c9tica de la Sostenibilidad: Dise\u00f1ando Para el Bien Com\u00fan<\/p>\n<p>M\u00e1s all\u00e1 del espacio f\u00edsico, tambi\u00e9n est\u00e1 mi labor en el desarrollo sostenible, utilizando el marco de la Agenda 2030 para asegurar que nuestras acciones locales se alineen con un cambio global. En cada proyecto que lidero, busco generar un impacto positivo, no solo ambiental, sino tambi\u00e9n social y econ\u00f3mico. Porque dise\u00f1ar con \u00e9tica significa pensar en el bienestar colectivo, en c\u00f3mo cada intervenci\u00f3n puede contribuir a un modelo de vida m\u00e1s justo, m\u00e1s equitativo y m\u00e1s consciente.<\/p>\n<p>La sostenibilidad no puede ser un concepto vac\u00edo; debe convertirse en una pr\u00e1ctica cotidiana, en un compromiso tangible con el futuro que queremos dejarle a las generaciones que vienen. Y esto solo se logra si integramos la sostenibilidad en cada decisi\u00f3n, desde los peque\u00f1os detalles de un proyecto hasta las grandes estrategias de desarrollo.<\/p>\n<p>Transformar con el Coraz\u00f3n: El Cambio de Paradigma Necesario<\/p>\n<p>El dise\u00f1o tambi\u00e9n implica un cambio de mentalidad, de pasar de una visi\u00f3n centrada en la rentabilidad a otra donde el valor se mide por el impacto positivo en la vida de las personas y del planeta. Y esta transformaci\u00f3n no se logra de la noche a la ma\u00f1ana; requiere una gesti\u00f3n del cambio que est\u00e9 impregnada de paciencia, empat\u00eda y colaboraci\u00f3n. Acompa\u00f1ar a las empresas, a las comunidades y a las administraciones en este proceso de transici\u00f3n es un desaf\u00edo que asumo con convicci\u00f3n, porque s\u00e9 que es la \u00fanica manera de construir un mundo mejor, donde todos los actores est\u00e9n alineados hacia un objetivo com\u00fan.<\/p>\n<p>El Llamado de la Naturaleza y la Responsabilidad de Dise\u00f1ar con \u00c9tica<\/p>\n<p>Este viaje desde la est\u00e9tica a la \u00e9tica es la esencia de mi trabajo, la raz\u00f3n por la que cada d\u00eda me levanto con la ilusi\u00f3n de hacer la diferencia. No solo para que los espacios sean hermosos a la vista, sino para que tambi\u00e9n lo sean para el coraz\u00f3n y el alma, para que se conviertan en lugares donde todos los seres vivos puedan prosperar.<\/p>\n<p>En un mundo que a veces parece empe\u00f1ado en ir demasiado r\u00e1pido, yo elijo la pausa, la reflexi\u00f3n, la creaci\u00f3n de espacios que inspiren un ritmo m\u00e1s lento, m\u00e1s consciente. Lugares donde podamos reconectar con lo esencial, con la tierra que nos sostiene y nos da vida.<\/p>\n<p>Lugares que nos ense\u00f1en que la verdadera belleza no est\u00e1 en lo que vemos, sino en lo que somos capaces de cuidar.<\/p>\n<p>\u00a0<\/p>\t\t\t\t\t\t\t\t<\/div>\n\t\t\t\t<\/div>\n\t\t\t\t<div class=\"elementor-element elementor-element-edda361 elementor-widget elementor-widget-image\" data-id=\"edda361\" data-element_type=\"widget\" data-widget_type=\"image.default\">\n\t\t\t\t<div class=\"elementor-widget-container\">\n\t\t\t\t\t\t\t\t\t\t\t\t\t\t\t<img fetchpriority=\"high\" decoding=\"async\" width=\"800\" height=\"450\" src=\"https:\/\/local.lovelybranddesign.com\/wp-content\/uploads\/2024\/09\/1-P.02-13-1024x576.jpg\" class=\"attachment-large size-large wp-image-863\" alt=\"\" srcset=\"https:\/\/local.lovelybranddesign.com\/wp-content\/uploads\/2024\/09\/1-P.02-13-1024x576.jpg 1024w, https:\/\/local.lovelybranddesign.com\/wp-content\/uploads\/2024\/09\/1-P.02-13-300x169.jpg 300w, https:\/\/local.lovelybranddesign.com\/wp-content\/uploads\/2024\/09\/1-P.02-13-768x432.jpg 768w, https:\/\/local.lovelybranddesign.com\/wp-content\/uploads\/2024\/09\/1-P.02-13-1536x864.jpg 1536w, https:\/\/local.lovelybranddesign.com\/wp-content\/uploads\/2024\/09\/1-P.02-13-2048x1152.jpg 2048w\" sizes=\"(max-width: 800px) 100vw, 800px\" \/>\t\t\t\t\t\t\t\t\t\t\t\t\t\t\t<\/div>\n\t\t\t\t<\/div>\n\t\t\t\t\t<\/div>\n\t\t\t\t<\/div>\n\t\t<div class=\"elementor-element elementor-element-ed7e7ca e-flex e-con-boxed e-con e-parent\" data-id=\"ed7e7ca\" data-element_type=\"container\">\n\t\t\t\t\t<div class=\"e-con-inner\">\n\t\t\t\t<div class=\"elementor-element elementor-element-39b4a53 elementor-widget elementor-widget-image\" data-id=\"39b4a53\" data-element_type=\"widget\" data-widget_type=\"image.default\">\n\t\t\t\t<div class=\"elementor-widget-container\">\n\t\t\t\t\t\t\t\t\t\t\t\t\t\t\t<img decoding=\"async\" src=\"https:\/\/local.lovelybranddesign.com\/wp-content\/plugins\/elementor\/assets\/images\/placeholder.png\" title=\"\" alt=\"\" loading=\"lazy\" \/>\t\t\t\t\t\t\t\t\t\t\t\t\t\t\t<\/div>\n\t\t\t\t<\/div>\n\t\t\t\t\t<\/div>\n\t\t\t\t<\/div>\n\t\t\t\t<\/div>\n\t\t","protected":false},"excerpt":{"rendered":"<p>Transformar el Mundo a Trav\u00e9s del Dise\u00f1o<br \/>\nEl dise\u00f1o siempre ha sido mi primer lenguaje. Desde mis primeros bocetos, encontraba un asombro indescriptible en c\u00f3mo una simple l\u00ednea sobre el papel pod\u00eda dar forma a un espacio, a una experiencia, a una emoci\u00f3n.<\/p>\n","protected":false},"author":1,"featured_media":862,"comment_status":"open","ping_status":"open","sticky":false,"template":"","format":"standard","meta":{"footnotes":""},"categories":[1,8,9],"tags":[],"class_list":["post-965","post","type-post","status-publish","format-standard","has-post-thumbnail","hentry","category-arquitectura","category-arquitectura-sostenible","category-habitar"],"_links":{"self":[{"href":"https:\/\/local.lovelybranddesign.com\/index.php\/wp-json\/wp\/v2\/posts\/965","targetHints":{"allow":["GET"]}}],"collection":[{"href":"https:\/\/local.lovelybranddesign.com\/index.php\/wp-json\/wp\/v2\/posts"}],"about":[{"href":"https:\/\/local.lovelybranddesign.com\/index.php\/wp-json\/wp\/v2\/types\/post"}],"author":[{"embeddable":true,"href":"https:\/\/local.lovelybranddesign.com\/index.php\/wp-json\/wp\/v2\/users\/1"}],"replies":[{"embeddable":true,"href":"https:\/\/local.lovelybranddesign.com\/index.php\/wp-json\/wp\/v2\/comments?post=965"}],"version-history":[{"count":22,"href":"https:\/\/local.lovelybranddesign.com\/index.php\/wp-json\/wp\/v2\/posts\/965\/revisions"}],"predecessor-version":[{"id":1583,"href":"https:\/\/local.lovelybranddesign.com\/index.php\/wp-json\/wp\/v2\/posts\/965\/revisions\/1583"}],"wp:featuredmedia":[{"embeddable":true,"href":"https:\/\/local.lovelybranddesign.com\/index.php\/wp-json\/wp\/v2\/media\/862"}],"wp:attachment":[{"href":"https:\/\/local.lovelybranddesign.com\/index.php\/wp-json\/wp\/v2\/media?parent=965"}],"wp:term":[{"taxonomy":"category","embeddable":true,"href":"https:\/\/local.lovelybranddesign.com\/index.php\/wp-json\/wp\/v2\/categories?post=965"},{"taxonomy":"post_tag","embeddable":true,"href":"https:\/\/local.lovelybranddesign.com\/index.php\/wp-json\/wp\/v2\/tags?post=965"}],"curies":[{"name":"wp","href":"https:\/\/api.w.org\/{rel}","templated":true}]}}